{"id":10469,"date":"2025-11-19T20:33:44","date_gmt":"2025-11-19T20:33:44","guid":{"rendered":"http:\/\/africans-in.film\/?p=10469"},"modified":"2025-11-19T20:57:15","modified_gmt":"2025-11-19T20:57:15","slug":"abderrahmane-sissako-un-cineaste-au-service-de-lafrique-et-du-monde","status":"publish","type":"post","link":"https:\/\/africans-in.film\/index.php\/2025\/11\/19\/abderrahmane-sissako-un-cineaste-au-service-de-lafrique-et-du-monde\/","title":{"rendered":"Lucien Jean-Baptiste, Parrain de la 7e \u00c9dition du Festival &#8220;L\u2019Afrique Fait Son Cin\u00e9ma&#8221;"},"content":{"rendered":"\t\t<div data-elementor-type=\"wp-post\" data-elementor-id=\"10469\" class=\"elementor elementor-10469\">\n\t\t\t\t\t\t<section class=\"elementor-section elementor-top-section elementor-element elementor-element-d9ef35a elementor-section-boxed elementor-section-height-default elementor-section-height-default qodef-elementor-content-no\" data-id=\"d9ef35a\" data-element_type=\"section\">\n\t\t\t\t\t\t<div class=\"elementor-container elementor-column-gap-default\">\n\t\t\t\t\t<div class=\"elementor-column elementor-col-100 elementor-top-column elementor-element elementor-element-5cf8827\" data-id=\"5cf8827\" data-element_type=\"column\">\n\t\t\t<div class=\"elementor-widget-wrap elementor-element-populated\">\n\t\t\t\t\t\t<div class=\"elementor-element elementor-element-af8a6d0 elementor-widget elementor-widget-text-editor\" data-id=\"af8a6d0\" data-element_type=\"widget\" data-widget_type=\"text-editor.default\">\n\t\t\t\t\t\t\t\t\t<p style=\"text-align: justify;\">Le Festival &#8220;<strong>L\u2019Afrique Fait Son Cin\u00e9ma<\/strong>&#8221; est ravi d\u2019annoncer que l&#8217;acteur, r\u00e9alisateur et producteur Lucien Jean-Baptiste sera le parrain de sa 7e \u00e9dition, qui se tiendra du 10 au 20 d\u00e9cembre 2025. Un choix qui s\u2019impose comme une v\u00e9ritable c\u00e9l\u00e9bration de l&#8217;excellence artistique et de la diversit\u00e9 du cin\u00e9ma africain. \u00c0 travers sa carri\u00e8re riche et embl\u00e9matique, Lucien Jean-Baptiste incarne les valeurs de ce festival : passion, cr\u00e9ativit\u00e9, et engagement.<\/p>\t\t\t\t\t\t\t\t<\/div>\n\t\t\t\t<div class=\"elementor-element elementor-element-39529bb elementor-widget elementor-widget-text-editor\" data-id=\"39529bb\" data-element_type=\"widget\" data-widget_type=\"text-editor.default\">\n\t\t\t\t\t\t\t\t\t<p style=\"text-align: justify;\">N\u00e9 \u00e0 Paris de parents martiniquais, Lucien Jean-Baptiste s\u2019est forg\u00e9 un parcours remarquable, oscillant entre com\u00e9die, drame et mise en sc\u00e8ne. Sa carri\u00e8re a \u00e9t\u00e9 marqu\u00e9e par des r\u00f4les qui r\u00e9v\u00e8lent son immense talent et sa capacit\u00e9 \u00e0 toucher le public par sa sinc\u00e9rit\u00e9 et sa pr\u00e9sence \u00e0 l\u2019\u00e9cran. On se souvient notamment de ses performances exceptionnelles dans des films comme <em data-start=\"906\" data-end=\"926\">La Premi\u00e8re \u00e9toile<\/em> et <em data-start=\"930\" data-end=\"968\">Le Ciel, les Oiseaux et&#8230; Ta m\u00e8re !<\/em>, o\u00f9 il a su allier humour et \u00e9motion avec une aisance d\u00e9concertante.<\/p>\t\t\t\t\t\t\t\t<\/div>\n\t\t\t\t\t<\/div>\n\t\t<\/div>\n\t\t\t\t\t<\/div>\n\t\t<\/section>\n\t\t\t\t<section class=\"elementor-section elementor-top-section elementor-element elementor-element-91a8e71 elementor-section-boxed elementor-section-height-default elementor-section-height-default qodef-elementor-content-no\" data-id=\"91a8e71\" data-element_type=\"section\">\n\t\t\t\t\t\t<div class=\"elementor-container elementor-column-gap-default\">\n\t\t\t\t\t<div class=\"elementor-column elementor-col-100 elementor-top-column elementor-element elementor-element-3105360\" data-id=\"3105360\" data-element_type=\"column\">\n\t\t\t<div class=\"elementor-widget-wrap elementor-element-populated\">\n\t\t\t\t\t\t<div class=\"elementor-element elementor-element-32a42d6 elementor-widget elementor-widget-image\" data-id=\"32a42d6\" data-element_type=\"widget\" data-widget_type=\"image.default\">\n\t\t\t\t\t\t\t\t\t\t\t\t<figure class=\"wp-caption\">\n\t\t\t\t\t\t\t\t\t\t<img fetchpriority=\"high\" decoding=\"async\" width=\"1200\" height=\"1200\" src=\"https:\/\/africans-in.film\/wp-content\/uploads\/2025\/11\/lucien-jean-baptiste.png\" class=\"attachment-full size-full wp-image-10470\" alt=\"\" srcset=\"https:\/\/africans-in.film\/wp-content\/uploads\/2025\/11\/lucien-jean-baptiste.png 1200w, https:\/\/africans-in.film\/wp-content\/uploads\/2025\/11\/lucien-jean-baptiste-300x300.png 300w, https:\/\/africans-in.film\/wp-content\/uploads\/2025\/11\/lucien-jean-baptiste-1024x1024.png 1024w, https:\/\/africans-in.film\/wp-content\/uploads\/2025\/11\/lucien-jean-baptiste-150x150.png 150w, https:\/\/africans-in.film\/wp-content\/uploads\/2025\/11\/lucien-jean-baptiste-768x768.png 768w, https:\/\/africans-in.film\/wp-content\/uploads\/2025\/11\/lucien-jean-baptiste-650x650.png 650w, https:\/\/africans-in.film\/wp-content\/uploads\/2025\/11\/lucien-jean-baptiste-600x600.png 600w, https:\/\/africans-in.film\/wp-content\/uploads\/2025\/11\/lucien-jean-baptiste-100x100.png 100w\" sizes=\"(max-width: 1200px) 100vw, 1200px\" \/>\t\t\t\t\t\t\t\t\t\t\t<figcaption class=\"widget-image-caption wp-caption-text\"><\/figcaption>\n\t\t\t\t\t\t\t\t\t\t<\/figure>\n\t\t\t\t\t\t\t\t\t<\/div>\n\t\t\t\t\t<\/div>\n\t\t<\/div>\n\t\t\t\t\t<\/div>\n\t\t<\/section>\n\t\t\t\t<section class=\"elementor-section elementor-top-section elementor-element elementor-element-e86d604 elementor-section-boxed elementor-section-height-default elementor-section-height-default qodef-elementor-content-no\" data-id=\"e86d604\" data-element_type=\"section\">\n\t\t\t\t\t\t<div class=\"elementor-container elementor-column-gap-default\">\n\t\t\t\t\t<div class=\"elementor-column elementor-col-100 elementor-top-column elementor-element elementor-element-f44922b\" data-id=\"f44922b\" data-element_type=\"column\">\n\t\t\t<div class=\"elementor-widget-wrap\">\n\t\t\t\t\t\t\t<\/div>\n\t\t<\/div>\n\t\t\t\t\t<\/div>\n\t\t<\/section>\n\t\t\t\t<section class=\"elementor-section elementor-top-section elementor-element elementor-element-2f82aed elementor-section-boxed elementor-section-height-default elementor-section-height-default qodef-elementor-content-no\" data-id=\"2f82aed\" data-element_type=\"section\">\n\t\t\t\t\t\t<div class=\"elementor-container elementor-column-gap-default\">\n\t\t\t\t\t<div class=\"elementor-column elementor-col-100 elementor-top-column elementor-element elementor-element-c94b312\" data-id=\"c94b312\" data-element_type=\"column\">\n\t\t\t<div class=\"elementor-widget-wrap elementor-element-populated\">\n\t\t\t\t\t\t<div class=\"elementor-element elementor-element-d624286 elementor-widget elementor-widget-text-editor\" data-id=\"d624286\" data-element_type=\"widget\" data-widget_type=\"text-editor.default\">\n\t\t\t\t\t\t\t\t\t<p style=\"text-align: justify;\">Mais l\u2019\u0153uvre de Lucien Jean-Baptiste ne se limite pas \u00e0 l\u2019interpr\u00e9tation : c\u2019est aussi un cr\u00e9ateur, un homme de vision. En 2013, il r\u00e9alise son premier long-m\u00e9trage, <em data-start=\"1206\" data-end=\"1226\">Il reste du jambon<\/em>, un film qui, \u00e0 travers une exploration subtile des relations familiales et des enjeux sociaux, a rencontr\u00e9 un grand succ\u00e8s tant critique que public. V\u00e9ritable touche-\u00e0-tout du cin\u00e9ma, Lucien Jean-Baptiste n\u2019a cess\u00e9 de multiplier les projets, toujours avec cette ambition de mettre en lumi\u00e8re les voix et les r\u00e9cits souvent oubli\u00e9s ou invisibilis\u00e9s du cin\u00e9ma francophone.<\/p><p style=\"text-align: justify;\">Le Festival &#8220;L\u2019Afrique Fait Son Cin\u00e9ma&#8221; se r\u00e9jouit de ce partenariat, qui refl\u00e8te l&#8217;engagement de Lucien Jean-Baptiste envers la promotion de la culture et des artistes africains, mais aussi sa volont\u00e9 de porter haut les couleurs de l\u2019Afrique dans l\u2019industrie cin\u00e9matographique mondiale. Son parrainage sera une occasion unique de mettre en avant des talents \u00e9mergents et de c\u00e9l\u00e9brer la richesse d\u2019une cin\u00e9matographie en pleine effervescence, tout en rendant hommage \u00e0 ceux qui, comme lui, participent activement \u00e0 sa transformation.<\/p><p style=\"text-align: justify;\">La 7e \u00e9dition du festival promet une programmation audacieuse et festive, \u00e0 l\u2019image de l\u2019artiste qu\u2019est Lucien Jean-Baptiste : un v\u00e9ritable \u00e9v\u00e9nement o\u00f9 l\u2019\u00e9motion, le rire et la r\u00e9flexion se croiseront, dans un \u00e9lan de solidarit\u00e9 et de partage.<\/p><p style=\"text-align: justify;\">Rendez-vous du 10 au 20 d\u00e9cembre 2025 pour d\u00e9couvrir, sous la houlette de ce parrain d&#8217;exception, des films, des talents et des histoires qui r\u00e9sonnent au-del\u00e0 des fronti\u00e8res. Le cin\u00e9ma africain est \u00e0 l\u2019honneur, et Lucien Jean-Baptiste en est le fier porte-\u00e9tendard !<\/p>\t\t\t\t\t\t\t\t<\/div>\n\t\t\t\t\t<\/div>\n\t\t<\/div>\n\t\t\t\t\t<\/div>\n\t\t<\/section>\n\t\t\t\t<\/div>\n\t\t","protected":false},"excerpt":{"rendered":"<p>Le Festival &#8220;L\u2019Afrique Fait Son Cin\u00e9ma&#8221; est ravi d\u2019annoncer que l&#8217;acteur, r\u00e9alisateur et producteur Lucien Jean-Baptiste sera le parrain de sa 7e \u00e9dition, qui se tiendra du 10 au 20 d\u00e9cembre 2025. Un choix qui s\u2019impose comme une v\u00e9ritable c\u00e9l\u00e9bration de&#8230;<\/p>\n","protected":false},"author":1,"featured_media":10475,"comment_status":"open","ping_status":"open","sticky":false,"template":"","format":"standard","meta":{"footnotes":""},"categories":[24],"tags":[29],"class_list":["post-10469","post","type-post","status-publish","format-standard","has-post-thumbnail","hentry","category-actualites","tag-magazine"],"_links":{"self":[{"href":"https:\/\/africans-in.film\/index.php\/wp-json\/wp\/v2\/posts\/10469","targetHints":{"allow":["GET"]}}],"collection":[{"href":"https:\/\/africans-in.film\/index.php\/wp-json\/wp\/v2\/posts"}],"about":[{"href":"https:\/\/africans-in.film\/index.php\/wp-json\/wp\/v2\/types\/post"}],"author":[{"embeddable":true,"href":"https:\/\/africans-in.film\/index.php\/wp-json\/wp\/v2\/users\/1"}],"replies":[{"embeddable":true,"href":"https:\/\/africans-in.film\/index.php\/wp-json\/wp\/v2\/comments?post=10469"}],"version-history":[{"count":11,"href":"https:\/\/africans-in.film\/index.php\/wp-json\/wp\/v2\/posts\/10469\/revisions"}],"predecessor-version":[{"id":10483,"href":"https:\/\/africans-in.film\/index.php\/wp-json\/wp\/v2\/posts\/10469\/revisions\/10483"}],"wp:featuredmedia":[{"embeddable":true,"href":"https:\/\/africans-in.film\/index.php\/wp-json\/wp\/v2\/media\/10475"}],"wp:attachment":[{"href":"https:\/\/africans-in.film\/index.php\/wp-json\/wp\/v2\/media?parent=10469"}],"wp:term":[{"taxonomy":"category","embeddable":true,"href":"https:\/\/africans-in.film\/index.php\/wp-json\/wp\/v2\/categories?post=10469"},{"taxonomy":"post_tag","embeddable":true,"href":"https:\/\/africans-in.film\/index.php\/wp-json\/wp\/v2\/tags?post=10469"}],"curies":[{"name":"wp","href":"https:\/\/api.w.org\/{rel}","templated":true}]}}